{"id":514,"date":"2023-10-04T00:06:23","date_gmt":"2023-10-04T00:06:23","guid":{"rendered":"https:\/\/www.meine-kartenmanufaktur.de\/magazin\/?p=514"},"modified":"2025-01-05T10:41:23","modified_gmt":"2025-01-05T10:41:23","slug":"bestattungsfachkraft-ausbildung-und-beruf","status":"publish","type":"post","link":"https:\/\/www.meine-kartenmanufaktur.de\/magazin\/bestattungsfachkraft-ausbildung-und-beruf\/","title":{"rendered":"Bestattungsfachkraft: Ausbildung und Beruf\u00a0"},"content":{"rendered":"<p><strong><em>Im<img loading=\"lazy\" decoding=\"async\" src=\"https:\/\/vg08.met.vgwort.de\/na\/7f8460376cbe49adba64e47aca0dd7fd\" alt=\"\" width=\"1\" height=\"1\" \/> Jahr 2021 gab es in Deutschland rund 5.500 Bestatter. Die Todesfall-Experten \u00fcbernehmen verschiedene Aufgaben unter anderem die Beratung der Angeh\u00f6rigen, die Organisation der Trauerfeier, die Versorgung der Leichen sowie Beh\u00f6rdeng\u00e4nge. Gerade im Trauerfall muss alles reibungslos ablaufen, weil die Hinterbliebenen sowieso schon von Kummer gezeichnet sind. Deshalb ist es wichtig, dass eine gut ausgebildete Bestattungsfachkraft alle T\u00e4tigkeiten professionell abwickelt. Damit das funktioniert, durchl\u00e4uft sie eine staatlich anerkannte Ausbildung. Die wichtigsten Informationen zu dem Lehrberuf der Bestattungsfachkraft lesen Sie auf dieser Seite.\u00a0 <\/em><\/strong><\/p>\r\n<h2>Offizielle Ausbildung zur Bestattungsfachkraft seit 2007\u00a0<\/h2>\r\n<figure class=\"wp-block-image size-large\"><img loading=\"lazy\" decoding=\"async\" class=\"aligncenter wp-image-22164 size-full\" src=\"https:\/\/www.meine-kartenmanufaktur.de\/magazin\/wp-content\/uploads\/2023\/10\/beruf-des-bestatters-motiv-bestatter-in-anzug-und-krawatte.webp\" alt=\"Beruf des Bestatters, Motiv Bestatter in Anzug und Krawatte\" width=\"942\" height=\"628\" \/><\/figure>\r\n<p>&nbsp;<\/p>\r\n<p>Seit dem<strong>\u00a01. August 2007<\/strong>\u00a0gilt die Bestattungsfachkraft als staatlich anerkannter Ausbildungsberuf. Zuvor wurde die Ausbildung bereits seit 2003 erprobt.\u00a0\u00a0<\/p>\r\n<p>Die Lehre wird im dualen System durchlaufen. Das hei\u00dft, dass die Auszubildenden einen Teil ihrer Arbeitszeit in der Berufsschule und einen Teil im Lehrbetrieb absolvieren.\u00a0\u00a0<\/p>\r\n<p>Der schulische Blockunterricht wird in den folgenden 3 Berufsschulen angeboten:\u00a0<\/p>\r\n<ul>\r\n<li><a href=\"https:\/\/www.bs-kg.de\/berufsschule\/bestattungs-fachkraefte\" target=\"_blank\" rel=\"noreferrer noopener\">Berufsschule Bad Kissingen<\/a>\u00a0<\/li>\r\n<li><a href=\"https:\/\/www.bbk.schule\/bildungsgaenge\/wirtschaft-und-verwaltung-inkl-bestattungsfachkraefte\/#c451\" target=\"_blank\" rel=\"noreferrer noopener\">Berufsschule Wermelskirchen<\/a>\u00a0<\/li>\r\n<li><a href=\"https:\/\/bbs-springe.de\/bildungsangebote_\/bestattungsfachkraft\/\" target=\"_blank\" rel=\"noreferrer noopener\">Berufsschule Springe<\/a>\u00a0<\/li>\r\n<\/ul>\r\n<p>Die Berufsschule in Bad Kissingen tr\u00e4gt eine besondere Vorreiterrolle. Sie war bereits von Anfang an der Entwicklung des Berufs der Bestattungsfachkraft sowie des Lehrplans beteiligt. In den letzten 15 Jahren hat sich der Schulstandort Bad Kissingen als Zentrum f\u00fcr Bestattungsfachkraft-Azubis in gro\u00dfen Teilen Deutschlands etabliert.\u00a0\u00a0<\/p>\r\n<p>W\u00e4hrend die Schule den theoretischen Teil \u00fcbernimmt, lernen die angehenden Bestattungsfachkr\u00e4fte die praktischen F\u00e4higkeiten in ihren Ausbildungsbetrieben. Normalerweise handelt es sich bei dem Arbeitgeber entweder um einen Bestatter oder eine Friedhofsverwaltung.\u00a0<\/p>\r\n<p>Im Betrieb wird den zuk\u00fcnftigen Bestattungsfachkr\u00e4ften unter anderem die sorgsame Bergung und \u00dcberf\u00fchrung von Leichen beigebracht. Auch die Versorgung und Einbettung der Toten ist Teil der T\u00e4tigkeit eines Bestatters und wird im Rahmen der Lehre regelm\u00e4\u00dfig praktiziert.\u00a0\u00a0<\/p>\r\n<p>Zu der dualen Ausbildung geh\u00f6ren seit 2005 auch\u00a0<strong>3 \u00fcberbetriebliche Lehrg\u00e4nge<\/strong>, die\u00a0<strong>im Bundesausbildungszentrum f\u00fcr Bestatter in M\u00fcnnerstadt<\/strong>\u00a0stattfinden. Dort werden folgende Themen behandelt:\u00a0<\/p>\r\n<ul>\r\n<li>Beratungsgespr\u00e4che\u00a0<\/li>\r\n<li><a title=\"Magazin-Artikel: Trauerphasen erkl\u00e4rt + Tipps zur Trauerbew\u00e4ltigung\" href=\"https:\/\/www.meine-kartenmanufaktur.de\/magazin\/trauerphasen-erklaert-tipps-zur-trauerbewaeltigung\/\">Trauerpsychologie\u00a0<\/a><\/li>\r\n<li>Grabtechniken\u00a0<\/li>\r\n<li>Warenkunde\u00a0<\/li>\r\n<li><a href=\"https:\/\/www.meine-kartenmanufaktur.de\/magazin\/grabschmuck-trauerfloristik-und-grabdekoration\/\">Beratung f\u00fcr die Dekoration<\/a>\u00a0\u00a0<\/li>\r\n<\/ul>\r\n<p>Die Lehrg\u00e4nge finden in der Regel ab dem 2. Lehrjahr statt.\u00a0\u00a0<\/p>\r\n<h2 class=\"wp-block-heading\"><span id=\"Wie_lange_dauert_die_Ausbildung_zur_Bestattungsfachkraft\" class=\"ez-toc-section\"><\/span>Wie lange dauert die Ausbildung zur Bestattungsfachkraft?\u00a0<\/h2>\r\n<p>Die Lehre zur Bestattungsfachkraft zieht sich \u00fcber eine Dauer von 3 Jahren. Allerdings besteht unter Umst\u00e4nden die M\u00f6glichkeit, zu verk\u00fcrzen. Ob das im Einzelfall machbar ist, bespricht der Lehrling am besten mit seinem Ausbildungsbetrieb sowie der Berufsschule.\u00a0\u00a0<\/p>\r\n<h2 class=\"wp-block-heading\"><span id=\"Wie_laeuft_die_Berufsbildung_ab\" class=\"ez-toc-section\"><\/span>Wie l\u00e4uft die Berufsbildung zum Bestatter ab?\u00a0\u00a0<\/h2>\r\n<p>In den allermeisten F\u00e4llen startet die Ausbildung zur Bestattungsfachkraft am 1. August oder 1. September jeden Jahres.\u00a0<\/p>\r\n<p>W\u00e4hrend der drei Ausbildungsjahre lernen die Azubis unter anderem:\u00a0<\/p>\r\n<ul>\r\n<li>Planung und Durchf\u00fchrung von Bestattungen und Trauerfeiern\u00a0<\/li>\r\n<li>Beratung und Betreuung von Angeh\u00f6rigen\u00a0<\/li>\r\n<li>Gesetzliche Vorschriften\u00a0<\/li>\r\n<li>Br\u00e4uche und Rituale bei Todesf\u00e4llen\u00a0<\/li>\r\n<li>Hygienische Totenpflege<\/li>\r\n<li><a title=\"Magazin-Artikel: \u00dcberf\u00fchrung eines Leichnams\" href=\"https:\/\/www.meine-kartenmanufaktur.de\/magazin\/ueberfuehrung-eines-leichnams\/\">Leichentransport<\/a>\u00a0<\/li>\r\n<li>Friedhofsverwaltung\u00a0<\/li>\r\n<li>Kalkulation der Bestattungskosten\u00a0<\/li>\r\n<li>Dokumentation aller Gesch\u00e4ftsprozesse\u00a0<\/li>\r\n<li>Erstellung und Abschluss von Bestattungsvertr\u00e4gen\u00a0<\/li>\r\n<li>Rechnungsstellung an die Hinterbliebenen<\/li>\r\n<li>Beurkundung von Sterbef\u00e4llen beim zust\u00e4ndigen Standesamt\u00a0<\/li>\r\n<li>Bestellung und Lagerung von Materialien und Waren\u00a0<\/li>\r\n<li>Pr\u00e4sentation des Bestattungsunternehmens\u00a0<\/li>\r\n<\/ul>\r\n<p>Gegen\u00a0<strong>Ende des 2. Ausbildungsjahres\u00a0<\/strong>wartet die\u00a0<strong>Zwischenpr\u00fcfung\u00a0<\/strong>auf die Auszubildenden. Dabei kann man nicht durchfallen. Der Test dient lediglich zur Kontrolle des aktuellen Wissensstandes. Es findet sowohl ein praktischer als auch ein theoretischer Teil statt.\u00a0\u00a0<\/p>\r\n<p>Am\u00a0<strong>Ende des 3. Lehrjahres<\/strong>\u00a0steht die\u00a0<strong>Abschlusspr\u00fcfung<\/strong>. Dabei wird im praktischen Teil eine Bestattung durchgespielt. Die drei schriftlichen Tests absolviert der Auszubildende in den F\u00e4chern Gesch\u00e4fts- und Verwaltungsvorg\u00e4nge, Bestattungsorganisation sowie Wirtschafts- und Sozialkunde.\u00a0\u00a0<\/p>\r\n<h2 class=\"wp-block-heading\"><span id=\"Was_verdienen_Bestattungsfachkraefte_in_der_Lehre\" class=\"ez-toc-section\"><\/span>Wie hoch ist das Gehalt der Bestattungsfachkr\u00e4fte in der Lehre?\u00a0<\/h2>\r\n<figure class=\"wp-block-image size-large\"><img loading=\"lazy\" decoding=\"async\" class=\"aligncenter wp-image-22165 size-full\" src=\"https:\/\/www.meine-kartenmanufaktur.de\/magazin\/wp-content\/uploads\/2023\/10\/muenzen-und-geldscheine-zum-thema-gehalt-im-beruf-des-bestatters.webp\" alt=\"M\u00fcnzen und Geldscheine zum Thema Gehalt im Beruf des Bestatters\" width=\"942\" height=\"628\" \/><\/figure>\r\n<p>&nbsp;<\/p>\r\n<p>Nat\u00fcrlich spielt f\u00fcr einen jungen Menschen auch das Bestattungs Gehalt eine wichtige Rolle. Der Ausbildungsbetrieb darf festlegen, wie viel er seinen Auszubildenden bezahlt. Das gilt zumindest so lange die Geh\u00e4lter mindestens dem gesetzlichen Mindestlohn entsprechen. Dieser liegt bei Auszubildenden im Moment bei 515 EUR.\u00a0<\/p>\r\n<p>Damit aber sowohl Bestatter und Friedhofsverwaltungen als auch die angehenden Bestattungsfachkr\u00e4fte einen Anhaltspunkt zur Bezahlung haben, ver\u00f6ffentlichte der Bundesverband Deutscher Bestatter seine Empfehlungen f\u00fcr das Jahr 2024:\u00a0<\/p>\r\n<p>Demnach sollte eine Bestattungsfachkraft ungef\u00e4hr folgenderma\u00dfen verdienen:\u00a0<\/p>\r\n<ul>\r\n<li>649 EUR im ersten Lehrjahr\u00a0<\/li>\r\n<li>766 EUR im zweiten Lehrjahr\u00a0<\/li>\r\n<li>876 EUR im dritten Lehrjahr\u00a0<\/li>\r\n<\/ul>\r\n<p>Zus\u00e4tzlich bezahlt der Ausbildungsbetrieb auch die Kosten, die durch die Berufsschule entstehen.\u00a0\u00a0<\/p>\r\n<p>Wer sich f\u00fcr den <strong>Beruf der Bestattungsfachkraft <\/strong>interessiert, der m\u00f6chte auch wissen, was er nach der Lehre verdient. Auch hier gibt es keinen festen Satz, aber eine Spanne. Im Durchschnitt verdient ein Bestatter jeden Monat zwischen<strong>\u00a02.600 und 2.800 EUR brutto<\/strong>.\u00a0\u00a0<\/p>\r\n<p>Der <strong>Lohn\u00a0eines Berufseinsteigers<\/strong>\u00a0bel\u00e4uft sich dabei normalerweise auf eine Summe zwischen\u00a0<strong>2.000 und 2.500 EUR<\/strong>. Es steigt mit wachsender Berufserfahrung an. Eine langj\u00e4hriger Bestatter kann mit einer Bezahlung zwischen\u00a0<strong>3.000 und 3.400 EUR brutto<\/strong>\u00a0pro Monat rechnen.\u00a0\u00a0<\/p>\r\n<h2 class=\"wp-block-heading\"><span id=\"Welche_sehen_die_Karrieremoeglichkeiten_fuer_eine_Bestattungsfachkraft_aus\" class=\"ez-toc-section\"><\/span>Wie sehen die Karrierem\u00f6glichkeiten f\u00fcr einen Bestatter aus?\u00a0<\/h2>\r\n<p>Engagierte Bestattungsfachkr\u00e4fte k\u00f6nnen sich nach der Lehre weiterbilden. Durch den Abschluss von Zusatzausbildungen sind sie in der Lage, mehr Verantwortung zu \u00fcbernehmen.\u00a0\u00a0<\/p>\r\n<p>Die Bestattungsfachkraft kann sich weiterbilden und durch Zusatzausbildungen folgende Titel erwerben:\u00a0<\/p>\r\n<ul>\r\n<li>Bestattermeister\u00a0<\/li>\r\n<li>Bestattungsfachwirt\u00a0<\/li>\r\n<li>B\u00fcrokommunikationsfachwirt f\u00fcr das Bestattungsgewerbe\u00a0<\/li>\r\n<li>Gepr\u00fcfter Kundenberater Friedhofsservice\u00a0<\/li>\r\n<li>Thanatopraktiker\u00a0<\/li>\r\n<\/ul>\r\n<p>Der\u00a0<strong>Bestattermeister\u00a0<\/strong>darf nach seiner bis zu\u00a0<strong>dreij\u00e4hriger Ausbildung\u00a0<\/strong>selbst Lehrlinge zur Bestattungsfachkraft ausbilden.\u00a0\u00a0<\/p>\r\n<p>Die Weiterbildung zum\u00a0<strong>Bestattungsfachwirt dauert 1,5 Jahre<\/strong>. Danach kann sich der Anw\u00e4rter auf verschiedene Bereiche des Bestatter-Gewerbes spezialisieren. Damit der Bestatterfachwirt \u00fcberhaupt angestrebt werden kann, ist eine mindestens zweij\u00e4hrige Berufserfahrung notwendig.\u00a0\u00a0<\/p>\r\n<p>Ein\u00a0<strong>B\u00fcrokommunikationsfachwirt f\u00fcr das Bestattungsgewerbe\u00a0<\/strong>besitzt unter anderem Wissen im Bereich der Unternehmensplanung,\u00a0<strong>Standort- und Marktanalyse, Kosten- sowie Finanzplanung. Buchf\u00fchrung und Kenntnisse aus dem Handwerks-, Gewerbe- und Arbeitsrecht<\/strong>\u00a0z\u00e4hlen zu seinen F\u00e4higkeiten.\u00a0\u00a0<\/p>\r\n<p>Die neue Weiterbildung zum gepr\u00fcften\u00a0<strong>Kundenberater Friedhofsservice<\/strong>\u00a0umfasst unter anderem die Schwerpunkte<strong> Kundenberatung, Friedhofsorganisation und Rahmenpflege<\/strong>.\u00a0\u00a0<\/p>\r\n<p>Der\u00a0<strong>Thanatopraktiker\u00a0<\/strong>ist auf die\u00a0<strong>hygienische Versorgung der Leichen<\/strong>\u00a0spezialisiert. Er wird dann gerufen, wenn ein Toter zum Beispiel nach einem Unfall aufgebahrt werden soll. Der\u00a0<a title=\"Magazin-Artikel: Thanatopraktiker-Der-Sch\u00f6nheitschirurg der Verstorbenen\" href=\"https:\/\/www.meine-kartenmanufaktur.de\/magazin\/thanatopraktiker-der-schoenheitschirurg-der-verstorbenen\/\">Thanatopraktiker<\/a>\u00a0lernt, wie er den Leichnam m\u00f6glichst repr\u00e4sentativ zurechtmachen kann.\u00a0<\/p>\r\n<h2 class=\"wp-block-heading\"><span id=\"Beruf_der_Bestattungsfachkraft_die_Voraussetzungen\" class=\"ez-toc-section\"><\/span>Beruf der Bestattungsfachkraft: die Voraussetzungen\u00a0<\/h2>\r\n<figure class=\"wp-block-image size-large\"><img loading=\"lazy\" decoding=\"async\" class=\"aligncenter wp-image-22166 size-full\" src=\"https:\/\/www.meine-kartenmanufaktur.de\/magazin\/wp-content\/uploads\/2023\/10\/bestatterin-in-anzug-und-weisser-bluse.webp\" alt=\"Bestatterin in Anzug und wei\u00dfer Bluse\" width=\"942\" height=\"628\" \/><\/figure>\r\n<p>&nbsp;<\/p>\r\n<p>Wer sich f\u00fcr die Ausbildung zur Bestattungsfachkraft interessiert, der sollte sich zuerst um einen Ausbildungsvertrag mit einem Bestatter oder einer Friedhofsverwaltung k\u00fcmmern. Daf\u00fcr ist es normalerweise notwendig, einen Schulabschluss vorzuweisen. Die meisten Ausbildungsbetriebe verlangen mindestens einen Hauptschulabschluss. Allerdings gibt es viele Bestattungsfachkr\u00e4fte mit Mittlerer Reife oder Abitur.\u00a0\u00a0<\/p>\r\n<p>Im Jahr 2019 untergliederten sich die neuen Azubis folgenderma\u00dfen:\u00a0<\/p>\r\n<ul>\r\n<li>1 % hatten keinen Schulabschluss\u00a0<\/li>\r\n<li>18 % besa\u00dfen den Hauptschulabschluss\u00a0<\/li>\r\n<li>42 % hatten die Mittlere Reife erworben\u00a0<\/li>\r\n<li>38 % besa\u00dfen die Hochschulreife\u00a0<\/li>\r\n<\/ul>\r\n<p>Viele Bestatter und Friedhofsverwaltungen setzen gute Deutschkenntnisse voraus. Au\u00dferdem kann es nicht schaden, einen F\u00fchrerschein der Klasse B\/BE\/3 zu besitzen. Denn in Deutschland d\u00fcrfen nur Bestatter die Leichen \u00fcberf\u00fchren. Daf\u00fcr ist eine Fahrerlaubnis notwendig.\u00a0\u00a0<\/p>\r\n<p>Das Thema Tod und der Umgang mit den Hinterbliebenen ist sehr sensibel. Obendrein sind verschiedene gesetzliche und handwerkliche Vorschriften pr\u00e4zise einzuhalten. Damit das klappt, sollte der Lehrling mehrere Voraussetzungen mitbringen, die sich auf seine Person bzw. seinen Charakter beziehen.\u00a0\u00a0\u00a0<\/p>\r\n<p>Dazu geh\u00f6ren:\u00a0<\/p>\r\n<ul>\r\n<li>Einf\u00fchlungsverm\u00f6gen\u00a0<\/li>\r\n<li>Gute Umgangsformen\u00a0\u00a0<\/li>\r\n<li>Ausgepr\u00e4gte Kommunikationsf\u00e4higkeiten\u00a0<\/li>\r\n<li>Organisationstalent\u00a0<\/li>\r\n<li>Handwerkliches Geschick\u00a0<\/li>\r\n<li>Belastbarkeit\u00a0<\/li>\r\n<li>Flexibilit\u00e4t\u00a0<\/li>\r\n<li>Reife\u00a0<\/li>\r\n<li>Sorgfalt\u00a0<\/li>\r\n<li>Zuverl\u00e4ssigkeit\u00a0<\/li>\r\n<li>Geduld\u00a0<\/li>\r\n<li>Verantwortungsbewusstsein\u00a0<\/li>\r\n<li>Respektvoller Umgang mit Trauernden<\/li>\r\n<li>Stabile Psyche\u00a0\u00a0<\/li>\r\n<\/ul>\r\n<p>Wer die Voraussetzungen erf\u00fcllt, kann direkt seine Bewerbung abschicken. Mit einer Ausbildung zur Bestattungsfachkraft besitzen Sie einen krisensicheren Job in einer stetig wachsenden Branche.\u00a0\u00a0<\/p>\r\n<p>&gt;&gt;&gt;&gt;&gt;&gt; Entdecken Sie unsere <a title=\"Trauerkarten selbst gestalten\" href=\"https:\/\/www.meine-kartenmanufaktur.de\/trauerkarten\/\">w\u00fcrdevollen und individuellen Trauerkarten f\u00fcr den Todesfall<\/a>.<\/p>\r\n<h2>FAQ: Bestattungsfachkraft<\/h2>\r\n<h3><span id=\"f2f66719-03eb-36be-3e52-8e372598efd6\" class=\"highlight\">Wie hoch ist das Gehalt einer ausgebildeten Bestattungsfachkraft?<\/span><\/h3>\r\n<p><span class=\"highlight\">Das Gehalt f\u00fcr ausgebildete Fachkr\u00e4fte in einem <em>Bestattungsinstitut<\/em> liegt im Durchschnitt zwischen 2.600 EUR und 3.400 EUR brutto monatlich, abh\u00e4ngig von der Berufserfahrung, dem Bundesland und der Gr\u00f6\u00dfe des Betriebs. In \u00f6ffentlichen <em>Betrieben<\/em> oder gr\u00f6\u00dferen Friedh\u00f6fen kann die Entlohnung ebenfalls variieren.<\/span><\/p>\r\n<h3><span id=\"61b40dd8-7b24-62f5-0765-034c0bdb1c16\" class=\"highlight\">Und wie hoch ist das Gehalt w\u00e4hrend der Ausbildung zum Bestatter?<\/span><\/h3>\r\n<p><span class=\"highlight\">W\u00e4hrend der Bestatter Ausbildung erhalten die Auszubildenden eine\u00a0<em>Ausbildungsverg\u00fctung<\/em>, die je nach Jahr gestaffelt ist. Im ersten Ausbildungsjahr liegt sie bei etwa 590 EUR, im zweiten bei 690 EUR und im dritten bei 790 EUR pro Monat. Diese Verg\u00fctung kann von Betrieb zu Betrieb unterschiedlich sein.<\/span><\/p>\r\n<h3><span id=\"39c76c78-80ae-b9e2-093c-8d7d94fecb8d\" class=\"highlight\">Wie wird man Bestatterin \/ Bestatter?<\/span><\/h3>\r\n<p><span class=\"highlight\">Um in einem <em>Bestattungsinstitut<\/em> t\u00e4tig zu werden, ist eine duale Ausbildung erforderlich. Die Ausbildung kombiniert theoretischen Unterricht in einer Berufsschule und praktische T\u00e4tigkeiten im Betrieb. Die Aufgaben umfassen die Totenpflege, die Planung und <em>Durchf\u00fchrung<\/em> von Trauerfeiern sowie die Beratung von Hinterbliebenen.<\/span><\/p>\r\n<h3><span id=\"babba2e1-b899-d9ab-c553-002e8d411de4\" class=\"highlight\">Wie lange dauert die Ausbildung zum Beruf der Bestatterfachkraft?<\/span><\/h3>\r\n<p><span class=\"highlight\">Die Ausbildung dauert in der Regel drei Jahre. In dieser Zeit erlernen die Auszubildenden alle relevanten Kenntnisse, von der hygienischen Versorgungsleistung bei den <em>Verstorbenen<\/em> bis hin zur Organisation von Beisetzungen (Sarg, Urne oder Leichentuch), Umgang mit Menschen in Trauer und der Arbeit am\u00a0<em>Friedhof<\/em>. Es besteht die M\u00f6glichkeit, die Ausbildungszeit unter bestimmten Umst\u00e4nden zu verk\u00fcrzen.<\/span><\/p>\r\n<h3><span id=\"2c5419e0-e7a7-ad52-fe8d-8f3fe7aec8f4\" class=\"highlight\">Welchen Schulabschluss braucht es f\u00fcr die Ausbildung zur Bestattungsfachkraft?<\/span><\/h3>\r\n<p><span class=\"highlight\">Die meisten Ausbildungsbetriebe verlangen mindestens einen Hauptschulabschluss. Etwa 42 % der Azubis besitzen einen mittleren Bildungsabschluss, und 38 % haben das Abitur. Einige <em>Betriebe<\/em> setzen auch gute Deutschkenntnisse und in manchen F\u00e4llen einen F\u00fchrerschein voraus, um die <em>Verstorbenen<\/em> transportieren zu k\u00f6nnen.<\/span><\/p>\r\n<h3><strong>Welche Fortbildungsm\u00f6glichkeiten gibt es f\u00fcr Bestatter?<\/strong><\/h3>\r\n<p>Nach Abschluss der Ausbildung haben Bestatter mehrere M\u00f6glichkeiten, sich durch\u00a0<em>Fortbildungen<\/em> weiterzuqualifizieren. Sie k\u00f6nnen sich beispielsweise zum <em>Bestattermeister<\/em>, <em>Bestattungsfachwirt<\/em> oder <em>Thanatopraktiker<\/em> weiterbilden. Diese <em>Fortbildungen<\/em> bieten die Chance, in leitende Positionen aufzusteigen oder spezialisierte Aufgaben wie die hygienische Versorgung von <em>Verstorbenen<\/em> zu \u00fcbernehmen. Au\u00dferdem k\u00f6nnen sie als <em>Fortbildung<\/em> den gepr\u00fcften <em>Kundenberater Friedhofsservice<\/em> absolvieren, um sich auf die Organisation und Pflege von Friedh\u00f6fen zu konzentrieren.<\/p>\r\n<h4 class=\"article wrapper\">Rechtshinweis:\u00a0Bei diesem Artikel handelt es sich um einen redaktionellen Text, nicht um eine Rechtsberatung. Die Inhalte wurden gewissenhaft recherchiert, allerdings wird jegliche Haftung f\u00fcr s\u00e4mtliche Angaben ausgeschlossen.\u00a0\u00a0<\/h4>\r\n<!-- \/wp:post-content --><a class=\"simplefavorite-button\" data-postid=\"514\" data-siteid=\"1\" data-groupid=\"1\" data-favoritecount=\"0\" style=\"\"><img decoding=\"async\" src=\"\/magazin\/wp-content\/uploads\/2023\/07\/heart.svg\">Speichern f\u00fcr sp\u00e4ter<\/a>","protected":false},"excerpt":{"rendered":"Wie wird man Bestattungsfachkraft? Welche Voraussetzungen sind notwendig und was verdient man in dem Beruf?","protected":false},"author":2,"featured_media":22167,"comment_status":"closed","ping_status":"closed","sticky":false,"template":"","format":"standard","meta":{"_acf_changed":false,"inline_featured_image":false,"footnotes":""},"categories":[4],"tags":[],"class_list":["post-514","post","type-post","status-publish","format-standard","has-post-thumbnail","hentry","category-tod-trauer"],"acf":[],"yoast_head":"<!-- This site is optimized with the Yoast SEO plugin v27.4 - https:\/\/yoast.com\/product\/yoast-seo-wordpress\/ -->\n<title>Bestattungsfachkraft: Ausbildung zum Bestatter und Gehalt<\/title>\n<meta name=\"description\" content=\"Die Ausbildung zur Bestattungsfachkraft: Alle Informationen zum Beruf, Gehalt und Aufgaben eines Bestatters\u2705Hier gibt es alle Infos! \u2705\" \/>\n<link rel=\"canonical\" href=\"https:\/\/www.meine-kartenmanufaktur.de\/magazin\/bestattungsfachkraft-ausbildung-und-beruf\/\" \/>\n<meta property=\"og:locale\" content=\"de_DE\" \/>\n<meta property=\"og:type\" content=\"article\" \/>\n<meta property=\"og:title\" content=\"Bestattungsfachkraft: Ausbildung zum Bestatter und Gehalt\" \/>\n<meta property=\"og:description\" content=\"Die Ausbildung zur Bestattungsfachkraft: Alle Informationen zum Beruf, Gehalt und Aufgaben eines Bestatters\u2705Hier gibt es alle Infos! \u2705\" \/>\n<meta property=\"og:url\" content=\"https:\/\/www.meine-kartenmanufaktur.de\/magazin\/bestattungsfachkraft-ausbildung-und-beruf\/\" \/>\n<meta property=\"og:site_name\" content=\"Meine Kartenmanufaktur Magazin\" \/>\n<meta property=\"article:published_time\" content=\"2023-10-04T00:06:23+00:00\" \/>\n<meta property=\"article:modified_time\" content=\"2025-01-05T10:41:23+00:00\" \/>\n<meta property=\"og:image\" content=\"https:\/\/www.meine-kartenmanufaktur.de\/magazin\/wp-content\/uploads\/2023\/10\/ausbildung-zur-bestattungsfachkraft-motiv-mann-im-schwarzen-anzug-mit-verschraenkten-armen.webp\" \/>\n\t<meta property=\"og:image:width\" content=\"1920\" \/>\n\t<meta property=\"og:image:height\" content=\"628\" \/>\n\t<meta property=\"og:image:type\" content=\"image\/webp\" \/>\n<meta name=\"author\" content=\"Julia Starkey\" \/>\n<meta name=\"twitter:card\" content=\"summary_large_image\" \/>\n<meta name=\"twitter:label1\" content=\"Verfasst von\" \/>\n\t<meta name=\"twitter:data1\" content=\"Julia Starkey\" \/>\n\t<meta name=\"twitter:label2\" content=\"Gesch\u00e4tzte Lesezeit\" \/>\n\t<meta name=\"twitter:data2\" content=\"10\u00a0Minuten\" \/>\n<script type=\"application\/ld+json\" class=\"yoast-schema-graph\">{\"@context\":\"https:\\\/\\\/schema.org\",\"@graph\":[{\"@type\":\"Article\",\"@id\":\"https:\\\/\\\/www.meine-kartenmanufaktur.de\\\/magazin\\\/bestattungsfachkraft-ausbildung-und-beruf\\\/#article\",\"isPartOf\":{\"@id\":\"https:\\\/\\\/www.meine-kartenmanufaktur.de\\\/magazin\\\/bestattungsfachkraft-ausbildung-und-beruf\\\/\"},\"author\":{\"name\":\"Julia Starkey\",\"@id\":\"https:\\\/\\\/www.meine-kartenmanufaktur.de\\\/magazin\\\/#\\\/schema\\\/person\\\/c2549a9cac661caf50f0d6a0148e9929\"},\"headline\":\"Bestattungsfachkraft: Ausbildung und Beruf\u00a0\",\"datePublished\":\"2023-10-04T00:06:23+00:00\",\"dateModified\":\"2025-01-05T10:41:23+00:00\",\"mainEntityOfPage\":{\"@id\":\"https:\\\/\\\/www.meine-kartenmanufaktur.de\\\/magazin\\\/bestattungsfachkraft-ausbildung-und-beruf\\\/\"},\"wordCount\":1556,\"image\":{\"@id\":\"https:\\\/\\\/www.meine-kartenmanufaktur.de\\\/magazin\\\/bestattungsfachkraft-ausbildung-und-beruf\\\/#primaryimage\"},\"thumbnailUrl\":\"https:\\\/\\\/www.meine-kartenmanufaktur.de\\\/magazin\\\/wp-content\\\/uploads\\\/2023\\\/10\\\/ausbildung-zur-bestattungsfachkraft-motiv-mann-im-schwarzen-anzug-mit-verschraenkten-armen.webp\",\"articleSection\":[\"Tod &amp; Trauer\"],\"inLanguage\":\"de\"},{\"@type\":\"WebPage\",\"@id\":\"https:\\\/\\\/www.meine-kartenmanufaktur.de\\\/magazin\\\/bestattungsfachkraft-ausbildung-und-beruf\\\/\",\"url\":\"https:\\\/\\\/www.meine-kartenmanufaktur.de\\\/magazin\\\/bestattungsfachkraft-ausbildung-und-beruf\\\/\",\"name\":\"Bestattungsfachkraft: Ausbildung zum Bestatter und Gehalt\",\"isPartOf\":{\"@id\":\"https:\\\/\\\/www.meine-kartenmanufaktur.de\\\/magazin\\\/#website\"},\"primaryImageOfPage\":{\"@id\":\"https:\\\/\\\/www.meine-kartenmanufaktur.de\\\/magazin\\\/bestattungsfachkraft-ausbildung-und-beruf\\\/#primaryimage\"},\"image\":{\"@id\":\"https:\\\/\\\/www.meine-kartenmanufaktur.de\\\/magazin\\\/bestattungsfachkraft-ausbildung-und-beruf\\\/#primaryimage\"},\"thumbnailUrl\":\"https:\\\/\\\/www.meine-kartenmanufaktur.de\\\/magazin\\\/wp-content\\\/uploads\\\/2023\\\/10\\\/ausbildung-zur-bestattungsfachkraft-motiv-mann-im-schwarzen-anzug-mit-verschraenkten-armen.webp\",\"datePublished\":\"2023-10-04T00:06:23+00:00\",\"dateModified\":\"2025-01-05T10:41:23+00:00\",\"author\":{\"@id\":\"https:\\\/\\\/www.meine-kartenmanufaktur.de\\\/magazin\\\/#\\\/schema\\\/person\\\/c2549a9cac661caf50f0d6a0148e9929\"},\"description\":\"Die Ausbildung zur Bestattungsfachkraft: Alle Informationen zum Beruf, Gehalt und Aufgaben eines Bestatters\u2705Hier gibt es alle Infos! \u2705\",\"breadcrumb\":{\"@id\":\"https:\\\/\\\/www.meine-kartenmanufaktur.de\\\/magazin\\\/bestattungsfachkraft-ausbildung-und-beruf\\\/#breadcrumb\"},\"inLanguage\":\"de\",\"potentialAction\":[{\"@type\":\"ReadAction\",\"target\":[\"https:\\\/\\\/www.meine-kartenmanufaktur.de\\\/magazin\\\/bestattungsfachkraft-ausbildung-und-beruf\\\/\"]}]},{\"@type\":\"ImageObject\",\"inLanguage\":\"de\",\"@id\":\"https:\\\/\\\/www.meine-kartenmanufaktur.de\\\/magazin\\\/bestattungsfachkraft-ausbildung-und-beruf\\\/#primaryimage\",\"url\":\"https:\\\/\\\/www.meine-kartenmanufaktur.de\\\/magazin\\\/wp-content\\\/uploads\\\/2023\\\/10\\\/ausbildung-zur-bestattungsfachkraft-motiv-mann-im-schwarzen-anzug-mit-verschraenkten-armen.webp\",\"contentUrl\":\"https:\\\/\\\/www.meine-kartenmanufaktur.de\\\/magazin\\\/wp-content\\\/uploads\\\/2023\\\/10\\\/ausbildung-zur-bestattungsfachkraft-motiv-mann-im-schwarzen-anzug-mit-verschraenkten-armen.webp\",\"width\":1920,\"height\":628,\"caption\":\"@Meine-Kartenmanufaktur.de\"},{\"@type\":\"BreadcrumbList\",\"@id\":\"https:\\\/\\\/www.meine-kartenmanufaktur.de\\\/magazin\\\/bestattungsfachkraft-ausbildung-und-beruf\\\/#breadcrumb\",\"itemListElement\":[{\"@type\":\"ListItem\",\"position\":1,\"name\":\"Home\",\"item\":\"https:\\\/\\\/www.meine-kartenmanufaktur.de\\\/magazin\\\/\"},{\"@type\":\"ListItem\",\"position\":2,\"name\":\"Bestattungsfachkraft: Ausbildung und Beruf\u00a0\"}]},{\"@type\":\"WebSite\",\"@id\":\"https:\\\/\\\/www.meine-kartenmanufaktur.de\\\/magazin\\\/#website\",\"url\":\"https:\\\/\\\/www.meine-kartenmanufaktur.de\\\/magazin\\\/\",\"name\":\"Meine Kartenmanufaktur Magazin\",\"description\":\"\",\"potentialAction\":[{\"@type\":\"SearchAction\",\"target\":{\"@type\":\"EntryPoint\",\"urlTemplate\":\"https:\\\/\\\/www.meine-kartenmanufaktur.de\\\/magazin\\\/?s={search_term_string}\"},\"query-input\":{\"@type\":\"PropertyValueSpecification\",\"valueRequired\":true,\"valueName\":\"search_term_string\"}}],\"inLanguage\":\"de\"},{\"@type\":\"Person\",\"@id\":\"https:\\\/\\\/www.meine-kartenmanufaktur.de\\\/magazin\\\/#\\\/schema\\\/person\\\/c2549a9cac661caf50f0d6a0148e9929\",\"name\":\"Julia Starkey\",\"image\":{\"@type\":\"ImageObject\",\"inLanguage\":\"de\",\"@id\":\"https:\\\/\\\/secure.gravatar.com\\\/avatar\\\/f8d49d230387fe95329c8c2282dda447963627f07b20969a21414d5cb19c58dc?s=96&d=mm&r=g\",\"url\":\"https:\\\/\\\/secure.gravatar.com\\\/avatar\\\/f8d49d230387fe95329c8c2282dda447963627f07b20969a21414d5cb19c58dc?s=96&d=mm&r=g\",\"contentUrl\":\"https:\\\/\\\/secure.gravatar.com\\\/avatar\\\/f8d49d230387fe95329c8c2282dda447963627f07b20969a21414d5cb19c58dc?s=96&d=mm&r=g\",\"caption\":\"Julia Starkey\"},\"description\":\"Ich bin Redakteurin und Texterin mit mehr als zehn Jahren Erfahrung in den Bereichen Familie, Lifestyle, Gesundheit und kreative Papeterie. Als Redaktionsleitung des Meine Kartenmanufaktur Magazins verbinde ich journalistische Expertise mit einem Gesp\u00fcr f\u00fcr Design, Trends und pers\u00f6nliche Anl\u00e4sse. Besonders gern schreibe ich Ratgebertexte, die inspirieren und Wissen mit Alltagstauglichkeit verbinden\",\"url\":\"https:\\\/\\\/www.meine-kartenmanufaktur.de\\\/magazin\\\/author\\\/julia\\\/\"}]}<\/script>\n<!-- \/ Yoast SEO plugin. -->","yoast_head_json":{"title":"Bestattungsfachkraft: Ausbildung zum Bestatter und Gehalt","description":"Die Ausbildung zur Bestattungsfachkraft: Alle Informationen zum Beruf, Gehalt und Aufgaben eines Bestatters\u2705Hier gibt es alle Infos! \u2705","canonical":"https:\/\/www.meine-kartenmanufaktur.de\/magazin\/bestattungsfachkraft-ausbildung-und-beruf\/","og_locale":"de_DE","og_type":"article","og_title":"Bestattungsfachkraft: Ausbildung zum Bestatter und Gehalt","og_description":"Die Ausbildung zur Bestattungsfachkraft: Alle Informationen zum Beruf, Gehalt und Aufgaben eines Bestatters\u2705Hier gibt es alle Infos! \u2705","og_url":"https:\/\/www.meine-kartenmanufaktur.de\/magazin\/bestattungsfachkraft-ausbildung-und-beruf\/","og_site_name":"Meine Kartenmanufaktur Magazin","article_published_time":"2023-10-04T00:06:23+00:00","article_modified_time":"2025-01-05T10:41:23+00:00","og_image":[{"width":1920,"height":628,"url":"https:\/\/www.meine-kartenmanufaktur.de\/magazin\/wp-content\/uploads\/2023\/10\/ausbildung-zur-bestattungsfachkraft-motiv-mann-im-schwarzen-anzug-mit-verschraenkten-armen.webp","type":"image\/webp"}],"author":"Julia Starkey","twitter_card":"summary_large_image","twitter_misc":{"Verfasst von":"Julia Starkey","Gesch\u00e4tzte Lesezeit":"10\u00a0Minuten"},"schema":{"@context":"https:\/\/schema.org","@graph":[{"@type":"Article","@id":"https:\/\/www.meine-kartenmanufaktur.de\/magazin\/bestattungsfachkraft-ausbildung-und-beruf\/#article","isPartOf":{"@id":"https:\/\/www.meine-kartenmanufaktur.de\/magazin\/bestattungsfachkraft-ausbildung-und-beruf\/"},"author":{"name":"Julia Starkey","@id":"https:\/\/www.meine-kartenmanufaktur.de\/magazin\/#\/schema\/person\/c2549a9cac661caf50f0d6a0148e9929"},"headline":"Bestattungsfachkraft: Ausbildung und Beruf\u00a0","datePublished":"2023-10-04T00:06:23+00:00","dateModified":"2025-01-05T10:41:23+00:00","mainEntityOfPage":{"@id":"https:\/\/www.meine-kartenmanufaktur.de\/magazin\/bestattungsfachkraft-ausbildung-und-beruf\/"},"wordCount":1556,"image":{"@id":"https:\/\/www.meine-kartenmanufaktur.de\/magazin\/bestattungsfachkraft-ausbildung-und-beruf\/#primaryimage"},"thumbnailUrl":"https:\/\/www.meine-kartenmanufaktur.de\/magazin\/wp-content\/uploads\/2023\/10\/ausbildung-zur-bestattungsfachkraft-motiv-mann-im-schwarzen-anzug-mit-verschraenkten-armen.webp","articleSection":["Tod &amp; Trauer"],"inLanguage":"de"},{"@type":"WebPage","@id":"https:\/\/www.meine-kartenmanufaktur.de\/magazin\/bestattungsfachkraft-ausbildung-und-beruf\/","url":"https:\/\/www.meine-kartenmanufaktur.de\/magazin\/bestattungsfachkraft-ausbildung-und-beruf\/","name":"Bestattungsfachkraft: Ausbildung zum Bestatter und Gehalt","isPartOf":{"@id":"https:\/\/www.meine-kartenmanufaktur.de\/magazin\/#website"},"primaryImageOfPage":{"@id":"https:\/\/www.meine-kartenmanufaktur.de\/magazin\/bestattungsfachkraft-ausbildung-und-beruf\/#primaryimage"},"image":{"@id":"https:\/\/www.meine-kartenmanufaktur.de\/magazin\/bestattungsfachkraft-ausbildung-und-beruf\/#primaryimage"},"thumbnailUrl":"https:\/\/www.meine-kartenmanufaktur.de\/magazin\/wp-content\/uploads\/2023\/10\/ausbildung-zur-bestattungsfachkraft-motiv-mann-im-schwarzen-anzug-mit-verschraenkten-armen.webp","datePublished":"2023-10-04T00:06:23+00:00","dateModified":"2025-01-05T10:41:23+00:00","author":{"@id":"https:\/\/www.meine-kartenmanufaktur.de\/magazin\/#\/schema\/person\/c2549a9cac661caf50f0d6a0148e9929"},"description":"Die Ausbildung zur Bestattungsfachkraft: Alle Informationen zum Beruf, Gehalt und Aufgaben eines Bestatters\u2705Hier gibt es alle Infos! \u2705","breadcrumb":{"@id":"https:\/\/www.meine-kartenmanufaktur.de\/magazin\/bestattungsfachkraft-ausbildung-und-beruf\/#breadcrumb"},"inLanguage":"de","potentialAction":[{"@type":"ReadAction","target":["https:\/\/www.meine-kartenmanufaktur.de\/magazin\/bestattungsfachkraft-ausbildung-und-beruf\/"]}]},{"@type":"ImageObject","inLanguage":"de","@id":"https:\/\/www.meine-kartenmanufaktur.de\/magazin\/bestattungsfachkraft-ausbildung-und-beruf\/#primaryimage","url":"https:\/\/www.meine-kartenmanufaktur.de\/magazin\/wp-content\/uploads\/2023\/10\/ausbildung-zur-bestattungsfachkraft-motiv-mann-im-schwarzen-anzug-mit-verschraenkten-armen.webp","contentUrl":"https:\/\/www.meine-kartenmanufaktur.de\/magazin\/wp-content\/uploads\/2023\/10\/ausbildung-zur-bestattungsfachkraft-motiv-mann-im-schwarzen-anzug-mit-verschraenkten-armen.webp","width":1920,"height":628,"caption":"@Meine-Kartenmanufaktur.de"},{"@type":"BreadcrumbList","@id":"https:\/\/www.meine-kartenmanufaktur.de\/magazin\/bestattungsfachkraft-ausbildung-und-beruf\/#breadcrumb","itemListElement":[{"@type":"ListItem","position":1,"name":"Home","item":"https:\/\/www.meine-kartenmanufaktur.de\/magazin\/"},{"@type":"ListItem","position":2,"name":"Bestattungsfachkraft: Ausbildung und Beruf\u00a0"}]},{"@type":"WebSite","@id":"https:\/\/www.meine-kartenmanufaktur.de\/magazin\/#website","url":"https:\/\/www.meine-kartenmanufaktur.de\/magazin\/","name":"Meine Kartenmanufaktur Magazin","description":"","potentialAction":[{"@type":"SearchAction","target":{"@type":"EntryPoint","urlTemplate":"https:\/\/www.meine-kartenmanufaktur.de\/magazin\/?s={search_term_string}"},"query-input":{"@type":"PropertyValueSpecification","valueRequired":true,"valueName":"search_term_string"}}],"inLanguage":"de"},{"@type":"Person","@id":"https:\/\/www.meine-kartenmanufaktur.de\/magazin\/#\/schema\/person\/c2549a9cac661caf50f0d6a0148e9929","name":"Julia Starkey","image":{"@type":"ImageObject","inLanguage":"de","@id":"https:\/\/secure.gravatar.com\/avatar\/f8d49d230387fe95329c8c2282dda447963627f07b20969a21414d5cb19c58dc?s=96&d=mm&r=g","url":"https:\/\/secure.gravatar.com\/avatar\/f8d49d230387fe95329c8c2282dda447963627f07b20969a21414d5cb19c58dc?s=96&d=mm&r=g","contentUrl":"https:\/\/secure.gravatar.com\/avatar\/f8d49d230387fe95329c8c2282dda447963627f07b20969a21414d5cb19c58dc?s=96&d=mm&r=g","caption":"Julia Starkey"},"description":"Ich bin Redakteurin und Texterin mit mehr als zehn Jahren Erfahrung in den Bereichen Familie, Lifestyle, Gesundheit und kreative Papeterie. Als Redaktionsleitung des Meine Kartenmanufaktur Magazins verbinde ich journalistische Expertise mit einem Gesp\u00fcr f\u00fcr Design, Trends und pers\u00f6nliche Anl\u00e4sse. Besonders gern schreibe ich Ratgebertexte, die inspirieren und Wissen mit Alltagstauglichkeit verbinden","url":"https:\/\/www.meine-kartenmanufaktur.de\/magazin\/author\/julia\/"}]}},"wp-worthy-pixel":{"ignored":false,"public":"a3e543407c624226882086cc92ea5214","server":"vg04.met.vgwort.de","url":"https:\/\/vg04.met.vgwort.de\/na\/a3e543407c624226882086cc92ea5214"},"wp-worthy-type":"normal","_links":{"self":[{"href":"https:\/\/www.meine-kartenmanufaktur.de\/magazin\/wp-json\/wp\/v2\/posts\/514","targetHints":{"allow":["GET"]}}],"collection":[{"href":"https:\/\/www.meine-kartenmanufaktur.de\/magazin\/wp-json\/wp\/v2\/posts"}],"about":[{"href":"https:\/\/www.meine-kartenmanufaktur.de\/magazin\/wp-json\/wp\/v2\/types\/post"}],"author":[{"embeddable":true,"href":"https:\/\/www.meine-kartenmanufaktur.de\/magazin\/wp-json\/wp\/v2\/users\/2"}],"replies":[{"embeddable":true,"href":"https:\/\/www.meine-kartenmanufaktur.de\/magazin\/wp-json\/wp\/v2\/comments?post=514"}],"version-history":[{"count":11,"href":"https:\/\/www.meine-kartenmanufaktur.de\/magazin\/wp-json\/wp\/v2\/posts\/514\/revisions"}],"predecessor-version":[{"id":22163,"href":"https:\/\/www.meine-kartenmanufaktur.de\/magazin\/wp-json\/wp\/v2\/posts\/514\/revisions\/22163"}],"wp:featuredmedia":[{"embeddable":true,"href":"https:\/\/www.meine-kartenmanufaktur.de\/magazin\/wp-json\/wp\/v2\/media\/22167"}],"wp:attachment":[{"href":"https:\/\/www.meine-kartenmanufaktur.de\/magazin\/wp-json\/wp\/v2\/media?parent=514"}],"wp:term":[{"taxonomy":"category","embeddable":true,"href":"https:\/\/www.meine-kartenmanufaktur.de\/magazin\/wp-json\/wp\/v2\/categories?post=514"},{"taxonomy":"post_tag","embeddable":true,"href":"https:\/\/www.meine-kartenmanufaktur.de\/magazin\/wp-json\/wp\/v2\/tags?post=514"}],"curies":[{"name":"wp","href":"https:\/\/api.w.org\/{rel}","templated":true}]}}